{"id":21609,"date":"2023-06-01T10:02:47","date_gmt":"2023-06-01T10:02:47","guid":{"rendered":"https:\/\/flamboyanfoundation.org\/?p=21609"},"modified":"2023-09-25T19:06:30","modified_gmt":"2023-09-25T19:06:30","slug":"el-fondo-flamboyan-anuncia-otorgacion-de-500000-en-subvenciones-para-amplificar-las-artes-y-la-cultura-en-puerto-rico","status":"publish","type":"post","link":"https:\/\/flamboyanfoundation.org\/es\/news-es\/el-fondo-flamboyan-anuncia-otorgacion-de-500000-en-subvenciones-para-amplificar-las-artes-y-la-cultura-en-puerto-rico\/","title":{"rendered":"El Fondo Flamboy\u00e1n anuncia otorgaci\u00f3n de $500,000 en subvenciones para amplificar las artes y la cultura en Puerto Rico"},"content":{"rendered":"<p><img loading=\"lazy\" decoding=\"async\" class=\"aligncenter wp-image-20667 size-medium\" src=\"https:\/\/flamboyanfoundation.org\/wp-content\/uploads\/2022\/12\/En-Foco-MailChimp-480x301.jpg\" alt=\"\" width=\"480\" height=\"301\" srcset=\"https:\/\/flamboyanfoundation.org\/wp-content\/uploads\/2022\/12\/En-Foco-MailChimp-480x301.jpg 480w, https:\/\/flamboyanfoundation.org\/wp-content\/uploads\/2022\/12\/En-Foco-MailChimp-926x581.jpg 926w, https:\/\/flamboyanfoundation.org\/wp-content\/uploads\/2022\/12\/En-Foco-MailChimp-768x482.jpg 768w, https:\/\/flamboyanfoundation.org\/wp-content\/uploads\/2022\/12\/En-Foco-MailChimp-1536x964.jpg 1536w, https:\/\/flamboyanfoundation.org\/wp-content\/uploads\/2022\/12\/En-Foco-MailChimp-2048x1285.jpg 2048w\" sizes=\"auto, (max-width: 480px) 100vw, 480px\" \/><\/p>\n<p style=\"text-align: center;\"><em>Los cinco proyectos seleccionados para \u201cEn Foco: proyecto de visibilizaci\u00f3n cultural\u201d amplificar\u00e1n \u00e1reas particulares del sector art\u00edstico y cultural puertorrique\u00f1o que necesitan m\u00e1s visibilidad, incluyendo comunidades y formatos no tradicionales de arte que usualmente son poco representados.<\/em><\/p>\n<p>&nbsp;<\/p>\n<p><strong>San Juan, Puerto Rico (1 de Junio de 2023)<\/strong>\u202f\u2013 El Fondo Flamboy\u00e1n para las Artes de la Fundaci\u00f3n Flamboy\u00e1n, anunci\u00f3 hoy, martes, las propuestas seleccionadas en la convocatoria \u201cEn foco: proyecto de visibilizaci\u00f3n cultural\u201d, una subvenci\u00f3n para crear proyectos e iniciativas que amplifiquen las artes y la cultura en Puerto Rico.<\/p>\n<p>Los subvencionados fueron escogido por un proceso participativo de otorgaci\u00f3n de fondos que dej\u00f3 en las manos de la comunidad art\u00edstica la toma de decisiones. Los proyectos seleccionados amplificar\u00e1n \u00e1reas del sector art\u00edstico y cultural puertorrique\u00f1o que necesitan m\u00e1s visibilidad, incluyendo comunidades y formatos no tradicionales de arte que usualmente tienen poca representaci\u00f3n, como la comunidad LBTQ+ y el arte afro en Puerto Rico. Entregar fondos de esta manera va al coraz\u00f3n del compromiso de la Fundaci\u00f3n Flamboy\u00e1n con la equidad.<\/p>\n<p>En total, se recibieron 119 propuestas, de las cuales cinco fueron seleccionadas para recibir subvenciones de $100,000 que les permitir\u00e1n realizar sus proyectos. Los cinco proyectos son:<\/p>\n<ul>\n<li><span style=\"color: #595959;\"><strong>Alianza Puertorrique\u00f1a para las Artes: <\/strong>Desarrollo de un programa de televisi\u00f3n semanal para visibilizar las artes y posibilitar que la audiencia se informe sobre lo que sucede en el sector.<\/span><\/li>\n<li><span style=\"color: #595959;\"><strong>Asociaci\u00f3n de Documentalistas de Puerto Rico: <\/strong>Iniciativa para facilitar el acceso, circulaci\u00f3n, exhibici\u00f3n y consumo de documentales puertorrique\u00f1os en el archipi\u00e9lago y en foros internacionales.<\/span><\/li>\n<li><span style=\"color: #595959;\"><strong>Alianza de Museos de Puerto Rico: <\/strong>Proyecto para promover el reconocimiento, autorreconocimiento, interpretaciones y reinterpretaciones del arte afro en nuestro espacio social y cultural para constituir una narrativa descolonial y antirracista.<\/span><\/li>\n<li><span style=\"color: #595959;\"><strong>Liga Estudiantes de Arte de San Juan: <\/strong>Revivir en versi\u00f3n digital la revista cultural <em>Pl\u00e1stica<\/em> para visibilizar y documentar el quehacer de las artes pl\u00e1sticas en Puerto Rico, la di\u00e1spora y el Caribe, adem\u00e1s de servir como foro para la cr\u00edtica y el an\u00e1lisis del arte.<\/span><\/li>\n<li><span style=\"color: #595959;\"><strong>Puerto Rico Queer <\/strong><strong>Filmfest<\/strong><strong>: <\/strong>Proyecto de rescate de memoria colectiva para visibilizar y valorizar las contribuciones sociales, art\u00edsticas y culturales de las personas LGBTQI+ de edad avanzada en Puerto Rico a trav\u00e9s de entrevistas documentales.<\/span><\/li>\n<\/ul>\n<p>\u201cEn foco: proyecto de visibilizaci\u00f3n cultural\u201d, una iniciativa que utiliza un modelo participativo de otorgaci\u00f3n de fondos, fue posible gracias a la uni\u00f3n de un grupo de beneficiarios del Fondo Flamboy\u00e1n para las Artes, todos artistas y organizaciones art\u00edsticas, que se reunieron para dise\u00f1ar, desarrollar y dirigir la iniciativa. De este grupo, se form\u00f3 un comit\u00e9 tim\u00f3n, que evalu\u00f3 las propuestas y seleccion\u00f3 a los nuevos beneficiarios. Desde la concepci\u00f3n hasta la implementaci\u00f3n, cada paso ha sido desarrollado e implementado por artistas, gestores culturales y organizaciones para apoyar al sector.<\/p>\n<p>\u201cRecibimos una gran cantidad de propuestas, lo que demuestra el compromiso que existe entre artistas y gestores culturales en fortalecer y preservar este sector. El proceso a cargo del Comit\u00e9 Tim\u00f3n para elegir las propuestas seleccionadas fue sumamente competitivo. El Fondo Flamboy\u00e1n para las Artes se enorgullece en crear las oportunidades para que las artes y la cultura en Puerto Rico tengan espacio para crecer y amplificarse\u201d, sostuvo Carlos Rodr\u00edguez Silvestre, director ejecutivo de la Fundaci\u00f3n Flamboy\u00e1n.<\/p>\n<p>La Fundaci\u00f3n Flamboy\u00e1n agradeci\u00f3 el apoyo financiero que provey\u00f3 la Fundaci\u00f3n Ford para esta iniciativa para que juntos puedan preservar, amplificar y fortalecer las artes y la cultura en Puerto Rico.<\/p>\n<p>Roc\u00edo Aranda Alvarado, oficial del Programa de Creatividad y Libre Expresi\u00f3n de dicha entidad, indic\u00f3 que \u201cestamos entusiasmados en apoyar el trabajo de la Fundaci\u00f3n Flamboy\u00e1n. La visi\u00f3n para esta iniciativa est\u00e1 alineada con nuestra misi\u00f3n para atender las necesidades de aquellos m\u00e1s impactados por la inequidad y para fortalecer los caminos que ayuden a traer m\u00e1s diversidad narrativa en nuestras comunidades\u201d.<\/p>\n<p>Para m\u00e1s informaci\u00f3n sobre las propuestas seleccionadas y la subvenci\u00f3n visita\u202f<a href=\"http:\/\/www.flamboyanfoundation.org\/es\/enfoco\">www.flamboyanfoundation.org\/es\/enfoco<\/a>.<\/p>\n<p>&nbsp;<\/p>\n<p>###<\/p>\n<p>&nbsp;<\/p>\n<p><strong>Sobre el Comit\u00e9 Tim\u00f3n de En foco:<\/strong><\/p>\n<p>&nbsp;<\/p>\n<p><strong>Guarionex Morales Matos, <\/strong><a href=\"https:\/\/www.facebook.com\/orfeonsjb\"><strong>Corporaci\u00f3n GD &amp; E Orfe\u00f3n San Juan Bautista<\/strong>\u00a0<\/a><\/p>\n<p>Orfe\u00f3n San Juan Bautista es un conjunto profesional con la misi\u00f3n de enriquecer el arte coral en Puerto Rico a trav\u00e9s de actividades educativas y culturales que incluyen, pero no necesariamente se limitan a: conciertos para el p\u00fablico en general, programas educativos, grabaciones y charlas ilustradas.<\/p>\n<p><strong>Hilda Marchena Segura, Mauro, Inc.<\/strong><\/p>\n<p>Organizaci\u00f3n que promueve la creaci\u00f3n y producci\u00f3n de todo tipo de experiencias y obras esc\u00e9nicas, con el fin de brindar nuevas oportunidades de vida, involucrando a los menos afortunados y al p\u00fablico en general en el arte y la cultura.\u202f Esto mediante sus programas Arte para Todos y Mauro School of Dance, donde se ofrecen clases de danza, teatro, m\u00fasica, cinematograf\u00eda y arte y las compa\u00f1\u00edas de ballet\u202f Mauro Ballet y Mauro Youth Ballet Company .<\/p>\n<p><strong>Karen Cana Cruz, <\/strong><a href=\"https:\/\/www.facebook.com\/casadellibropr\"><strong>Museo Biblioteca La Casa del Libro<\/strong><\/a><strong> (LCDL)<\/strong><\/p>\n<p>La Casa del Libro es un museo biblioteca donde se rinde culto a la palabra escrita y al libro como objeto de arte. Custodia la colecci\u00f3n de libros raros m\u00e1s grande e importante de Puerto Rico y el Caribe la cual conserva, preserva, estudia e interpreta con el fin de inspirar y enriquecer a las comunidades puertorrique\u00f1as e internacionales. LCDL hace accesible su extraordinaria colecci\u00f3n a trav\u00e9s de un din\u00e1mico programa cultural y educativo dirigido a diversas audiencias, apoyados por distintas expresiones art\u00edsticas.<\/p>\n<p><strong>Madeline Ram\u00edrez Rivera, Comunicaciones 24.7<\/strong><\/p>\n<p>Microempresa fundada en el 2015 para ofrecer servicios en comunicaciones a entidades sin fines de lucro y base comunitaria con \u00e9nfasis en aquellas que no cuentan con los recursos y capacidades t\u00e9cnicas para amplificar los impactos de sus esfuerzos a favor del mejor bienestar del pa\u00eds. Entre otros servicios ofrece asesoramiento en la conceptualizaci\u00f3n e implantaci\u00f3n de estrategias de comunicaci\u00f3n dirigidas a la atenci\u00f3n y manejo de asuntos p\u00fablicos\/gubernamentales, atenci\u00f3n y manejo de crisis, relaciones con la prensa, relaciones con la comunidad, redacci\u00f3n de documentos, comunicaci\u00f3n interna y an\u00e1lisis de medios, entre otros.\u00a0<strong>\u00a0<\/strong><\/p>\n<p><strong>N\u00e9stor Murray Irizarry, <\/strong><a href=\"https:\/\/www.facebook.com\/centrocasapaoli\"><strong>Centro de Investigaciones Folkl\u00f3ricas de Puerto<\/strong><\/a><strong> Rico<\/strong><\/p>\n<p>La misi\u00f3n de esta organizaci\u00f3n es realizar investigaciones cient\u00edficas sobre la cultura puertorrique\u00f1a y sus aspectos human\u00edsticos y socioecon\u00f3micos. El Centro de Investigaciones Folkl\u00f3ricas de Puerto Rico lleva a cabo conferencias, talleres y otras reuniones para estudiantes y miembros de la comunidad. En la hist\u00f3rica Casa Paoli, la organizaci\u00f3n tambi\u00e9n mantiene exposiciones permanentes dedicadas a la herencia africana, los instrumentos musicales tradicionales puertorrique\u00f1os y el cantante Antonio Paoli.<\/p>\n<p><strong>Pablo Guardiola, <\/strong><a href=\"https:\/\/www.facebook.com\/betalocalpr\"><strong>Beta-Local, Inc.<\/strong>\u00a0<\/a><\/p>\n<p>Beta Local es una organizaci\u00f3n sin fines de lucro dirigida por artistas dedicada a apoyar y promover el pensamiento cr\u00edtico y las pr\u00e1cticas est\u00e9ticas en Puerto Rico a trav\u00e9s de programas que fomentan el intercambio de conocimientos y la colaboraci\u00f3n trans-disciplinaria.<\/p>\n<p><strong>Sylvia lleras, <\/strong><a href=\"https:\/\/www.facebook.com\/mujeresdeislas\"><strong>Mujeres de Islas, Inc.<\/strong>\u00a0<\/a><\/p>\n<p>Mujeres de Isla promueve la salud emocional, el desarrollo cultural, ambiental y socioecon\u00f3mico de Culebra a trav\u00e9s de una programaci\u00f3n impulsada por las necesidades de la comunidad.<\/p>\n<p><strong>Yari Helfeld, <\/strong><a href=\"https:\/\/www.facebook.com\/arteymanapr\"><strong>Arte y Ma\u00f1a\u00a0<\/strong>\u00a0<\/a><\/p>\n<p>Arte y Ma\u00f1a, Inc. es una entidad sin fines de lucro que tiene como misi\u00f3n brindar herramientas de las artes, que promuevan el bienestar social, la solidaridad, el liderazgo y la autogesti\u00f3n. Entre sus actividades culturales m\u00e1s recientes se encuentra, la creaci\u00f3n del festival comunitario Fiesta Centinela 2021 y 2022, en Orocovis; la creaci\u00f3n e implementaci\u00f3n del curso universitario Creatividad y Comunidad, para estudiantes de la Universidad de Florida; la realizaci\u00f3n de m\u00e1s de 100 talleres creativos en comunidades del Municipio de San Juan; la gira teatral por 20 escuelas p\u00fablicas de la Isla; y su serie anual de talleres de teatro para j\u00f3venes de escuelas p\u00fablicas.<\/p>\n<p>&nbsp;<\/p>\n<p><strong>______________________________________________________________________________<\/strong><\/p>\n<p><strong>Sobre el Fondo Flamboy\u00e1n para las Artes<\/strong><\/p>\n<p>El\u202fFondo Flamboy\u00e1n para las Artes\u202fsurge de una alianza entre la Fundaci\u00f3n Flamboy\u00e1n, Lin-Manuel Miranda, su familia y el musical de Broadway\u202fHamilton\u202fpara preservar, amplificar y fortalecer las artes en Puerto Rico. Desde que el hurac\u00e1n Mar\u00eda devast\u00f3 la isla en el a\u00f1o 2017, muchos artistas y organizaciones art\u00edsticas como museos, teatros, programas de educaci\u00f3n en las artes y espacios de conciertos est\u00e1n en riesgo de reducir sus servicios o de cerrar. El Fondo apoya todas las facetas de las artes incluyendo la m\u00fasica, el teatro, las artes visuales, el baile, la literatura y los programas de educaci\u00f3n en las artes para j\u00f3venes y as\u00ed asegurar que las artes y la cultura sigan floreciendo durante la reconstrucci\u00f3n de Puerto Rico.<\/p>\n<p><strong>Sobre la Fundaci\u00f3n Flamboy\u00e1n<\/strong><\/p>\n<p>Guiada por el principio de que todos los ni\u00f1os y ni\u00f1as merecen la oportunidad de vivir una vida plena, la Fundaci\u00f3n Flamboy\u00e1n trabaja para asegurar que cada ni\u00f1o en los Estados Unidos y en Puerto Rico reciba una educaci\u00f3n de excelencia. En Washington, D. C., Flamboy\u00e1n acelera el aprendizaje de los estudiantes mientras ayuda a los educadores y al sistema escolar a transformar sus relaciones con las familias de los estudiantes. En Puerto Rico, Flamboy\u00e1n se enfoca en promover que los estudiantes lean en espa\u00f1ol a su nivel cuando alcancen el tercer grado, a la vez que construye un sector filantr\u00f3pico y sin fines de lucro pr\u00f3spero el cual incluye organizaciones de arte y culturales.\u202f http:\/\/www.fundacionflamboyan.org<\/p>\n<p><strong>Sobre la Fundaci\u00f3n Ford<\/strong><\/p>\n<p>La Fundaci\u00f3n Ford es una organizaci\u00f3n independiente trabajando para atajar la inequidad y construir un futuro basado en la justicia. Por m\u00e1s de 85 a\u00f1os, ha apoyado a visionarios en la delantera de cambio social a trav\u00e9s del mundo guiado por su misi\u00f3n de fortalecer valores democr\u00e1ticos, reducir la pobreza y la injusticia, promover cooperaci\u00f3n internacional y los logros humanos. Hoy, con un fondo $16 mil millones, la fundaci\u00f3n tiene sede en Nueva York y oficinas regionales en \u00c1frica, Asia, Latinoam\u00e9rica y el Medio Oriente.<\/p>\n","protected":false},"excerpt":{"rendered":"<p>Los cinco proyectos seleccionados para \u201cEn Foco: proyecto de visibilizaci\u00f3n cultural\u201d amplificar\u00e1n \u00e1reas particulares del sector art\u00edstico y cultural puertorrique\u00f1o que necesitan m\u00e1s visibilidad, incluyendo comunidades y formatos no tradicionales de arte que usualmente son poco representados. &nbsp; San Juan, Puerto Rico (1 de Junio de 2023)\u202f\u2013 El Fondo Flamboy\u00e1n para las Artes de la &hellip; <a href=\"https:\/\/flamboyanfoundation.org\/es\/news-es\/el-fondo-flamboyan-anuncia-otorgacion-de-500000-en-subvenciones-para-amplificar-las-artes-y-la-cultura-en-puerto-rico\/\">Continued<\/a><\/p>\n","protected":false},"author":17,"featured_media":20669,"comment_status":"closed","ping_status":"open","sticky":false,"template":"","format":"standard","meta":{"_acf_changed":false,"footnotes":""},"categories":[14],"tags":[],"class_list":["post-21609","post","type-post","status-publish","format-standard","has-post-thumbnail","hentry","category-news-es"],"acf":[],"yoast_head":"<!-- This site is optimized with the Yoast SEO Premium plugin v26.7 (Yoast SEO v27.4) - https:\/\/yoast.com\/product\/yoast-seo-premium-wordpress\/ -->\n<title>El Fondo Flamboy\u00e1n anuncia otorgaci\u00f3n de $500,000 en subvenciones para amplificar las artes y la cultura en Puerto Rico - Flamboyan<\/title>\n<meta name=\"robots\" content=\"index, follow, max-snippet:-1, max-image-preview:large, max-video-preview:-1\" \/>\n<link rel=\"canonical\" href=\"https:\/\/flamboyanfoundation.org\/es\/news-es\/el-fondo-flamboyan-anuncia-otorgacion-de-500000-en-subvenciones-para-amplificar-las-artes-y-la-cultura-en-puerto-rico\/\" \/>\n<meta property=\"og:locale\" content=\"es_ES\" \/>\n<meta property=\"og:type\" content=\"article\" \/>\n<meta property=\"og:title\" content=\"El Fondo Flamboy\u00e1n anuncia otorgaci\u00f3n de $500,000 en subvenciones para amplificar las artes y la cultura en Puerto Rico\" \/>\n<meta property=\"og:description\" content=\"Los cinco proyectos seleccionados para \u201cEn Foco: proyecto de visibilizaci\u00f3n cultural\u201d amplificar\u00e1n \u00e1reas particulares del sector art\u00edstico y cultural puertorrique\u00f1o que necesitan m\u00e1s visibilidad, incluyendo comunidades y formatos no tradicionales de arte que usualmente son poco representados. &nbsp; San Juan, Puerto Rico (1 de Junio de 2023)\u202f\u2013 El Fondo Flamboy\u00e1n para las Artes de la &hellip; Continued\" \/>\n<meta property=\"og:url\" content=\"https:\/\/flamboyanfoundation.org\/es\/news-es\/el-fondo-flamboyan-anuncia-otorgacion-de-500000-en-subvenciones-para-amplificar-las-artes-y-la-cultura-en-puerto-rico\/\" \/>\n<meta property=\"og:site_name\" content=\"Flamboyan\" \/>\n<meta property=\"article:publisher\" content=\"https:\/\/www.facebook.com\/flamboyanfoundation\" \/>\n<meta property=\"article:published_time\" content=\"2023-06-01T10:02:47+00:00\" \/>\n<meta property=\"article:modified_time\" content=\"2023-09-25T19:06:30+00:00\" \/>\n<meta property=\"og:image\" content=\"https:\/\/flamboyanfoundation.org\/wp-content\/uploads\/2022\/12\/MicrosoftTeams-image-60.png\" \/>\n\t<meta property=\"og:image:width\" content=\"4690\" \/>\n\t<meta property=\"og:image:height\" content=\"4690\" \/>\n\t<meta property=\"og:image:type\" content=\"image\/png\" \/>\n<meta name=\"author\" content=\"Flamboyan Foundation\" \/>\n<meta name=\"twitter:card\" content=\"summary_large_image\" \/>\n<meta name=\"twitter:creator\" content=\"@FlamboyanFDN\" \/>\n<meta name=\"twitter:site\" content=\"@FlamboyanFDN\" \/>\n<meta name=\"twitter:label1\" content=\"Escrito por\" \/>\n\t<meta name=\"twitter:data1\" content=\"Flamboyan Foundation\" \/>\n\t<meta name=\"twitter:label2\" content=\"Tiempo de lectura\" \/>\n\t<meta name=\"twitter:data2\" content=\"8 minutos\" \/>\n<script type=\"application\/ld+json\" class=\"yoast-schema-graph\">{\"@context\":\"https:\\\/\\\/schema.org\",\"@graph\":[{\"@type\":\"Article\",\"@id\":\"https:\\\/\\\/flamboyanfoundation.org\\\/es\\\/news-es\\\/el-fondo-flamboyan-anuncia-otorgacion-de-500000-en-subvenciones-para-amplificar-las-artes-y-la-cultura-en-puerto-rico\\\/#article\",\"isPartOf\":{\"@id\":\"https:\\\/\\\/flamboyanfoundation.org\\\/es\\\/news-es\\\/el-fondo-flamboyan-anuncia-otorgacion-de-500000-en-subvenciones-para-amplificar-las-artes-y-la-cultura-en-puerto-rico\\\/\"},\"author\":{\"name\":\"Flamboyan Foundation\",\"@id\":\"https:\\\/\\\/flamboyanfoundation.org\\\/#\\\/schema\\\/person\\\/8c49481b2335a4e4986e449b63860529\"},\"headline\":\"El Fondo Flamboy\u00e1n anuncia otorgaci\u00f3n de $500,000 en subvenciones para amplificar las artes y la cultura en Puerto Rico\",\"datePublished\":\"2023-06-01T10:02:47+00:00\",\"dateModified\":\"2023-09-25T19:06:30+00:00\",\"mainEntityOfPage\":{\"@id\":\"https:\\\/\\\/flamboyanfoundation.org\\\/es\\\/news-es\\\/el-fondo-flamboyan-anuncia-otorgacion-de-500000-en-subvenciones-para-amplificar-las-artes-y-la-cultura-en-puerto-rico\\\/\"},\"wordCount\":1768,\"publisher\":{\"@id\":\"https:\\\/\\\/flamboyanfoundation.org\\\/#organization\"},\"image\":{\"@id\":\"https:\\\/\\\/flamboyanfoundation.org\\\/es\\\/news-es\\\/el-fondo-flamboyan-anuncia-otorgacion-de-500000-en-subvenciones-para-amplificar-las-artes-y-la-cultura-en-puerto-rico\\\/#primaryimage\"},\"thumbnailUrl\":\"https:\\\/\\\/flamboyanfoundation.org\\\/wp-content\\\/uploads\\\/2022\\\/12\\\/MicrosoftTeams-image-60.png\",\"articleSection\":[\"Noticias\"],\"inLanguage\":\"es\"},{\"@type\":\"WebPage\",\"@id\":\"https:\\\/\\\/flamboyanfoundation.org\\\/es\\\/news-es\\\/el-fondo-flamboyan-anuncia-otorgacion-de-500000-en-subvenciones-para-amplificar-las-artes-y-la-cultura-en-puerto-rico\\\/\",\"url\":\"https:\\\/\\\/flamboyanfoundation.org\\\/es\\\/news-es\\\/el-fondo-flamboyan-anuncia-otorgacion-de-500000-en-subvenciones-para-amplificar-las-artes-y-la-cultura-en-puerto-rico\\\/\",\"name\":\"El Fondo Flamboy\u00e1n anuncia otorgaci\u00f3n de $500,000 en subvenciones para amplificar las artes y la cultura en Puerto Rico - Flamboyan\",\"isPartOf\":{\"@id\":\"https:\\\/\\\/flamboyanfoundation.org\\\/#website\"},\"primaryImageOfPage\":{\"@id\":\"https:\\\/\\\/flamboyanfoundation.org\\\/es\\\/news-es\\\/el-fondo-flamboyan-anuncia-otorgacion-de-500000-en-subvenciones-para-amplificar-las-artes-y-la-cultura-en-puerto-rico\\\/#primaryimage\"},\"image\":{\"@id\":\"https:\\\/\\\/flamboyanfoundation.org\\\/es\\\/news-es\\\/el-fondo-flamboyan-anuncia-otorgacion-de-500000-en-subvenciones-para-amplificar-las-artes-y-la-cultura-en-puerto-rico\\\/#primaryimage\"},\"thumbnailUrl\":\"https:\\\/\\\/flamboyanfoundation.org\\\/wp-content\\\/uploads\\\/2022\\\/12\\\/MicrosoftTeams-image-60.png\",\"datePublished\":\"2023-06-01T10:02:47+00:00\",\"dateModified\":\"2023-09-25T19:06:30+00:00\",\"breadcrumb\":{\"@id\":\"https:\\\/\\\/flamboyanfoundation.org\\\/es\\\/news-es\\\/el-fondo-flamboyan-anuncia-otorgacion-de-500000-en-subvenciones-para-amplificar-las-artes-y-la-cultura-en-puerto-rico\\\/#breadcrumb\"},\"inLanguage\":\"es\",\"potentialAction\":[{\"@type\":\"ReadAction\",\"target\":[\"https:\\\/\\\/flamboyanfoundation.org\\\/es\\\/news-es\\\/el-fondo-flamboyan-anuncia-otorgacion-de-500000-en-subvenciones-para-amplificar-las-artes-y-la-cultura-en-puerto-rico\\\/\"]}]},{\"@type\":\"ImageObject\",\"inLanguage\":\"es\",\"@id\":\"https:\\\/\\\/flamboyanfoundation.org\\\/es\\\/news-es\\\/el-fondo-flamboyan-anuncia-otorgacion-de-500000-en-subvenciones-para-amplificar-las-artes-y-la-cultura-en-puerto-rico\\\/#primaryimage\",\"url\":\"https:\\\/\\\/flamboyanfoundation.org\\\/wp-content\\\/uploads\\\/2022\\\/12\\\/MicrosoftTeams-image-60.png\",\"contentUrl\":\"https:\\\/\\\/flamboyanfoundation.org\\\/wp-content\\\/uploads\\\/2022\\\/12\\\/MicrosoftTeams-image-60.png\",\"width\":4690,\"height\":4690},{\"@type\":\"BreadcrumbList\",\"@id\":\"https:\\\/\\\/flamboyanfoundation.org\\\/es\\\/news-es\\\/el-fondo-flamboyan-anuncia-otorgacion-de-500000-en-subvenciones-para-amplificar-las-artes-y-la-cultura-en-puerto-rico\\\/#breadcrumb\",\"itemListElement\":[{\"@type\":\"ListItem\",\"position\":1,\"name\":\"Home\",\"item\":\"https:\\\/\\\/flamboyanfoundation.org\\\/es\\\/\"},{\"@type\":\"ListItem\",\"position\":2,\"name\":\"El Fondo Flamboy\u00e1n anuncia otorgaci\u00f3n de $500,000 en subvenciones para amplificar las artes y la cultura en Puerto Rico\"}]},{\"@type\":\"WebSite\",\"@id\":\"https:\\\/\\\/flamboyanfoundation.org\\\/#website\",\"url\":\"https:\\\/\\\/flamboyanfoundation.org\\\/\",\"name\":\"Flamboyan\",\"description\":\"\",\"publisher\":{\"@id\":\"https:\\\/\\\/flamboyanfoundation.org\\\/#organization\"},\"potentialAction\":[{\"@type\":\"SearchAction\",\"target\":{\"@type\":\"EntryPoint\",\"urlTemplate\":\"https:\\\/\\\/flamboyanfoundation.org\\\/?s={search_term_string}\"},\"query-input\":{\"@type\":\"PropertyValueSpecification\",\"valueRequired\":true,\"valueName\":\"search_term_string\"}}],\"inLanguage\":\"es\"},{\"@type\":\"Organization\",\"@id\":\"https:\\\/\\\/flamboyanfoundation.org\\\/#organization\",\"name\":\"Flamboyan Foundation\",\"url\":\"https:\\\/\\\/flamboyanfoundation.org\\\/\",\"logo\":{\"@type\":\"ImageObject\",\"inLanguage\":\"es\",\"@id\":\"https:\\\/\\\/flamboyanfoundation.org\\\/#\\\/schema\\\/logo\\\/image\\\/\",\"url\":\"https:\\\/\\\/flamboyanfoundation.org\\\/wp-content\\\/uploads\\\/2020\\\/01\\\/FF-logo.png\",\"contentUrl\":\"https:\\\/\\\/flamboyanfoundation.org\\\/wp-content\\\/uploads\\\/2020\\\/01\\\/FF-logo.png\",\"width\":258,\"height\":200,\"caption\":\"Flamboyan Foundation\"},\"image\":{\"@id\":\"https:\\\/\\\/flamboyanfoundation.org\\\/#\\\/schema\\\/logo\\\/image\\\/\"},\"sameAs\":[\"https:\\\/\\\/www.facebook.com\\\/flamboyanfoundation\",\"https:\\\/\\\/x.com\\\/FlamboyanFDN\",\"https:\\\/\\\/www.linkedin.com\\\/company\\\/flamboyan-foundation\\\/\",\"https:\\\/\\\/www.youtube.com\\\/user\\\/FlamboyanFoundation\"]},{\"@type\":\"Person\",\"@id\":\"https:\\\/\\\/flamboyanfoundation.org\\\/#\\\/schema\\\/person\\\/8c49481b2335a4e4986e449b63860529\",\"name\":\"Flamboyan Foundation\",\"image\":{\"@type\":\"ImageObject\",\"inLanguage\":\"es\",\"@id\":\"https:\\\/\\\/secure.gravatar.com\\\/avatar\\\/324c0325ac404b75d56124ba9834ff60849ecd659d9530b6895a92c8ff9baa6c?s=96&d=mm&r=g\",\"url\":\"https:\\\/\\\/secure.gravatar.com\\\/avatar\\\/324c0325ac404b75d56124ba9834ff60849ecd659d9530b6895a92c8ff9baa6c?s=96&d=mm&r=g\",\"contentUrl\":\"https:\\\/\\\/secure.gravatar.com\\\/avatar\\\/324c0325ac404b75d56124ba9834ff60849ecd659d9530b6895a92c8ff9baa6c?s=96&d=mm&r=g\",\"caption\":\"Flamboyan Foundation\"},\"url\":\"https:\\\/\\\/flamboyanfoundation.org\\\/es\\\/author\\\/flamboyanfoundation\\\/\"}]}<\/script>\n<!-- \/ Yoast SEO Premium plugin. -->","yoast_head_json":{"title":"El Fondo Flamboy\u00e1n anuncia otorgaci\u00f3n de $500,000 en subvenciones para amplificar las artes y la cultura en Puerto Rico - Flamboyan","robots":{"index":"index","follow":"follow","max-snippet":"max-snippet:-1","max-image-preview":"max-image-preview:large","max-video-preview":"max-video-preview:-1"},"canonical":"https:\/\/flamboyanfoundation.org\/es\/news-es\/el-fondo-flamboyan-anuncia-otorgacion-de-500000-en-subvenciones-para-amplificar-las-artes-y-la-cultura-en-puerto-rico\/","og_locale":"es_ES","og_type":"article","og_title":"El Fondo Flamboy\u00e1n anuncia otorgaci\u00f3n de $500,000 en subvenciones para amplificar las artes y la cultura en Puerto Rico","og_description":"Los cinco proyectos seleccionados para \u201cEn Foco: proyecto de visibilizaci\u00f3n cultural\u201d amplificar\u00e1n \u00e1reas particulares del sector art\u00edstico y cultural puertorrique\u00f1o que necesitan m\u00e1s visibilidad, incluyendo comunidades y formatos no tradicionales de arte que usualmente son poco representados. &nbsp; San Juan, Puerto Rico (1 de Junio de 2023)\u202f\u2013 El Fondo Flamboy\u00e1n para las Artes de la &hellip; Continued","og_url":"https:\/\/flamboyanfoundation.org\/es\/news-es\/el-fondo-flamboyan-anuncia-otorgacion-de-500000-en-subvenciones-para-amplificar-las-artes-y-la-cultura-en-puerto-rico\/","og_site_name":"Flamboyan","article_publisher":"https:\/\/www.facebook.com\/flamboyanfoundation","article_published_time":"2023-06-01T10:02:47+00:00","article_modified_time":"2023-09-25T19:06:30+00:00","og_image":[{"width":4690,"height":4690,"url":"https:\/\/flamboyanfoundation.org\/wp-content\/uploads\/2022\/12\/MicrosoftTeams-image-60.png","type":"image\/png"}],"author":"Flamboyan Foundation","twitter_card":"summary_large_image","twitter_creator":"@FlamboyanFDN","twitter_site":"@FlamboyanFDN","twitter_misc":{"Escrito por":"Flamboyan Foundation","Tiempo de lectura":"8 minutos"},"schema":{"@context":"https:\/\/schema.org","@graph":[{"@type":"Article","@id":"https:\/\/flamboyanfoundation.org\/es\/news-es\/el-fondo-flamboyan-anuncia-otorgacion-de-500000-en-subvenciones-para-amplificar-las-artes-y-la-cultura-en-puerto-rico\/#article","isPartOf":{"@id":"https:\/\/flamboyanfoundation.org\/es\/news-es\/el-fondo-flamboyan-anuncia-otorgacion-de-500000-en-subvenciones-para-amplificar-las-artes-y-la-cultura-en-puerto-rico\/"},"author":{"name":"Flamboyan Foundation","@id":"https:\/\/flamboyanfoundation.org\/#\/schema\/person\/8c49481b2335a4e4986e449b63860529"},"headline":"El Fondo Flamboy\u00e1n anuncia otorgaci\u00f3n de $500,000 en subvenciones para amplificar las artes y la cultura en Puerto Rico","datePublished":"2023-06-01T10:02:47+00:00","dateModified":"2023-09-25T19:06:30+00:00","mainEntityOfPage":{"@id":"https:\/\/flamboyanfoundation.org\/es\/news-es\/el-fondo-flamboyan-anuncia-otorgacion-de-500000-en-subvenciones-para-amplificar-las-artes-y-la-cultura-en-puerto-rico\/"},"wordCount":1768,"publisher":{"@id":"https:\/\/flamboyanfoundation.org\/#organization"},"image":{"@id":"https:\/\/flamboyanfoundation.org\/es\/news-es\/el-fondo-flamboyan-anuncia-otorgacion-de-500000-en-subvenciones-para-amplificar-las-artes-y-la-cultura-en-puerto-rico\/#primaryimage"},"thumbnailUrl":"https:\/\/flamboyanfoundation.org\/wp-content\/uploads\/2022\/12\/MicrosoftTeams-image-60.png","articleSection":["Noticias"],"inLanguage":"es"},{"@type":"WebPage","@id":"https:\/\/flamboyanfoundation.org\/es\/news-es\/el-fondo-flamboyan-anuncia-otorgacion-de-500000-en-subvenciones-para-amplificar-las-artes-y-la-cultura-en-puerto-rico\/","url":"https:\/\/flamboyanfoundation.org\/es\/news-es\/el-fondo-flamboyan-anuncia-otorgacion-de-500000-en-subvenciones-para-amplificar-las-artes-y-la-cultura-en-puerto-rico\/","name":"El Fondo Flamboy\u00e1n anuncia otorgaci\u00f3n de $500,000 en subvenciones para amplificar las artes y la cultura en Puerto Rico - Flamboyan","isPartOf":{"@id":"https:\/\/flamboyanfoundation.org\/#website"},"primaryImageOfPage":{"@id":"https:\/\/flamboyanfoundation.org\/es\/news-es\/el-fondo-flamboyan-anuncia-otorgacion-de-500000-en-subvenciones-para-amplificar-las-artes-y-la-cultura-en-puerto-rico\/#primaryimage"},"image":{"@id":"https:\/\/flamboyanfoundation.org\/es\/news-es\/el-fondo-flamboyan-anuncia-otorgacion-de-500000-en-subvenciones-para-amplificar-las-artes-y-la-cultura-en-puerto-rico\/#primaryimage"},"thumbnailUrl":"https:\/\/flamboyanfoundation.org\/wp-content\/uploads\/2022\/12\/MicrosoftTeams-image-60.png","datePublished":"2023-06-01T10:02:47+00:00","dateModified":"2023-09-25T19:06:30+00:00","breadcrumb":{"@id":"https:\/\/flamboyanfoundation.org\/es\/news-es\/el-fondo-flamboyan-anuncia-otorgacion-de-500000-en-subvenciones-para-amplificar-las-artes-y-la-cultura-en-puerto-rico\/#breadcrumb"},"inLanguage":"es","potentialAction":[{"@type":"ReadAction","target":["https:\/\/flamboyanfoundation.org\/es\/news-es\/el-fondo-flamboyan-anuncia-otorgacion-de-500000-en-subvenciones-para-amplificar-las-artes-y-la-cultura-en-puerto-rico\/"]}]},{"@type":"ImageObject","inLanguage":"es","@id":"https:\/\/flamboyanfoundation.org\/es\/news-es\/el-fondo-flamboyan-anuncia-otorgacion-de-500000-en-subvenciones-para-amplificar-las-artes-y-la-cultura-en-puerto-rico\/#primaryimage","url":"https:\/\/flamboyanfoundation.org\/wp-content\/uploads\/2022\/12\/MicrosoftTeams-image-60.png","contentUrl":"https:\/\/flamboyanfoundation.org\/wp-content\/uploads\/2022\/12\/MicrosoftTeams-image-60.png","width":4690,"height":4690},{"@type":"BreadcrumbList","@id":"https:\/\/flamboyanfoundation.org\/es\/news-es\/el-fondo-flamboyan-anuncia-otorgacion-de-500000-en-subvenciones-para-amplificar-las-artes-y-la-cultura-en-puerto-rico\/#breadcrumb","itemListElement":[{"@type":"ListItem","position":1,"name":"Home","item":"https:\/\/flamboyanfoundation.org\/es\/"},{"@type":"ListItem","position":2,"name":"El Fondo Flamboy\u00e1n anuncia otorgaci\u00f3n de $500,000 en subvenciones para amplificar las artes y la cultura en Puerto Rico"}]},{"@type":"WebSite","@id":"https:\/\/flamboyanfoundation.org\/#website","url":"https:\/\/flamboyanfoundation.org\/","name":"Flamboyan","description":"","publisher":{"@id":"https:\/\/flamboyanfoundation.org\/#organization"},"potentialAction":[{"@type":"SearchAction","target":{"@type":"EntryPoint","urlTemplate":"https:\/\/flamboyanfoundation.org\/?s={search_term_string}"},"query-input":{"@type":"PropertyValueSpecification","valueRequired":true,"valueName":"search_term_string"}}],"inLanguage":"es"},{"@type":"Organization","@id":"https:\/\/flamboyanfoundation.org\/#organization","name":"Flamboyan Foundation","url":"https:\/\/flamboyanfoundation.org\/","logo":{"@type":"ImageObject","inLanguage":"es","@id":"https:\/\/flamboyanfoundation.org\/#\/schema\/logo\/image\/","url":"https:\/\/flamboyanfoundation.org\/wp-content\/uploads\/2020\/01\/FF-logo.png","contentUrl":"https:\/\/flamboyanfoundation.org\/wp-content\/uploads\/2020\/01\/FF-logo.png","width":258,"height":200,"caption":"Flamboyan Foundation"},"image":{"@id":"https:\/\/flamboyanfoundation.org\/#\/schema\/logo\/image\/"},"sameAs":["https:\/\/www.facebook.com\/flamboyanfoundation","https:\/\/x.com\/FlamboyanFDN","https:\/\/www.linkedin.com\/company\/flamboyan-foundation\/","https:\/\/www.youtube.com\/user\/FlamboyanFoundation"]},{"@type":"Person","@id":"https:\/\/flamboyanfoundation.org\/#\/schema\/person\/8c49481b2335a4e4986e449b63860529","name":"Flamboyan Foundation","image":{"@type":"ImageObject","inLanguage":"es","@id":"https:\/\/secure.gravatar.com\/avatar\/324c0325ac404b75d56124ba9834ff60849ecd659d9530b6895a92c8ff9baa6c?s=96&d=mm&r=g","url":"https:\/\/secure.gravatar.com\/avatar\/324c0325ac404b75d56124ba9834ff60849ecd659d9530b6895a92c8ff9baa6c?s=96&d=mm&r=g","contentUrl":"https:\/\/secure.gravatar.com\/avatar\/324c0325ac404b75d56124ba9834ff60849ecd659d9530b6895a92c8ff9baa6c?s=96&d=mm&r=g","caption":"Flamboyan Foundation"},"url":"https:\/\/flamboyanfoundation.org\/es\/author\/flamboyanfoundation\/"}]}},"_links":{"self":[{"href":"https:\/\/flamboyanfoundation.org\/es\/wp-json\/wp\/v2\/posts\/21609","targetHints":{"allow":["GET"]}}],"collection":[{"href":"https:\/\/flamboyanfoundation.org\/es\/wp-json\/wp\/v2\/posts"}],"about":[{"href":"https:\/\/flamboyanfoundation.org\/es\/wp-json\/wp\/v2\/types\/post"}],"author":[{"embeddable":true,"href":"https:\/\/flamboyanfoundation.org\/es\/wp-json\/wp\/v2\/users\/17"}],"replies":[{"embeddable":true,"href":"https:\/\/flamboyanfoundation.org\/es\/wp-json\/wp\/v2\/comments?post=21609"}],"version-history":[{"count":0,"href":"https:\/\/flamboyanfoundation.org\/es\/wp-json\/wp\/v2\/posts\/21609\/revisions"}],"wp:featuredmedia":[{"embeddable":true,"href":"https:\/\/flamboyanfoundation.org\/es\/wp-json\/wp\/v2\/media\/20669"}],"wp:attachment":[{"href":"https:\/\/flamboyanfoundation.org\/es\/wp-json\/wp\/v2\/media?parent=21609"}],"wp:term":[{"taxonomy":"category","embeddable":true,"href":"https:\/\/flamboyanfoundation.org\/es\/wp-json\/wp\/v2\/categories?post=21609"},{"taxonomy":"post_tag","embeddable":true,"href":"https:\/\/flamboyanfoundation.org\/es\/wp-json\/wp\/v2\/tags?post=21609"}],"curies":[{"name":"wp","href":"https:\/\/api.w.org\/{rel}","templated":true}]}}